{"id":7437,"date":"2025-10-08T09:52:35","date_gmt":"2025-10-08T09:52:35","guid":{"rendered":"https:\/\/erru.al\/?p=7437"},"modified":"2025-10-08T09:52:38","modified_gmt":"2025-10-08T09:52:38","slug":"raporti-vjetor-2024-erru-raporton-ne-komisionet-parlamentare","status":"publish","type":"post","link":"https:\/\/erru.al\/an\/2025\/10\/08\/raporti-vjetor-2024-erru-raporton-ne-komisionet-parlamentare\/","title":{"rendered":"Raporti Vjetor 2024, ERRU raporton n\u00eb Komisionet Parlamentare"},"content":{"rendered":"<p>Kryetarja e Entit Rregullator t\u00eb Ujit, Znj. Gerta Lubonja raportoi mbi veprimtarin\u00eb e ERRU gjat\u00eb vitit 2024 n\u00eb mbledhjen e p\u00ebrbashk\u00ebt t\u00eb Komisionit p\u00ebr Burimet Natyrore, Infrastruktur\u00ebn dhe Zhvillimin e Q\u00ebndruesh\u00ebm me Komisionin p\u00ebr Nismat Qytetare, Bashk\u00ebpunimin dhe Mbik\u00ebqyrjen Institucionale.<\/p>\n\n\n\n<p><img decoding=\"async\" height=\"16\" width=\"16\" alt=\"\ud83d\udcc8\" src=\"https:\/\/static.xx.fbcdn.net\/images\/emoji.php\/v9\/t1\/1\/16\/1f4c8.png\"> Raporti d\u00ebshmon nj\u00eb vit me rritje t\u00eb ndjeshme t\u00eb performanc\u00ebs dhe efikasitetit, me 17 shoq\u00ebri uj\u00ebsjell\u00ebs-kanalizimeve t\u00eb licencuara dhe mbulim t\u00eb kostove operacionale n\u00eb nivelin 109.8%.<\/p>\n\n\n\n<p>Reforma e rajonalizimit t\u00eb sektori UK, n\u00eb mbyllje t\u00eb vitit t\u00eb dyt\u00eb t\u00eb implementimit t\u00eb saj, ka dh\u00ebn\u00eb impakt pozitiv n\u00eb drejtim t\u00eb p\u00ebrmir\u00ebsimit n\u00eb p\u00ebrgjith\u00ebsi t\u00eb situat\u00ebs financiare t\u00eb sektorit dhe rritjes s\u00eb cil\u00ebsis\u00eb s\u00eb sh\u00ebrbimit t\u00eb ofruar, krahasuar me vitin paraardh\u00ebs 2023.<\/p>\n\n\n\n<p>U ul\u00ebn ndjesh\u00ebm humbjet e ujit <img decoding=\"async\" height=\"16\" width=\"16\" alt=\"\ud83d\udcc9\" src=\"https:\/\/static.xx.fbcdn.net\/images\/emoji.php\/v9\/t82\/1\/16\/1f4c9.png\"> u rrit furnizimi mesatar n\u00eb 17.3 or\u00eb\/dit\u00eb <img decoding=\"async\" height=\"16\" width=\"16\" alt=\"\ud83d\udeb0\" src=\"https:\/\/static.xx.fbcdn.net\/images\/emoji.php\/v9\/tdc\/1\/16\/1f6b0.png\"> nd\u00ebrsa u instaluan mbi 33 mij\u00eb mat\u00ebsa t\u00eb rinj p\u00ebr t\u00eb rritur sakt\u00ebsin\u00eb e faturimit <img loading=\"lazy\" decoding=\"async\" height=\"16\" width=\"16\" alt=\"\ud83d\udd16\" src=\"https:\/\/static.xx.fbcdn.net\/images\/emoji.php\/v9\/t32\/1\/16\/1f516.png\"> dhe transparenc\u00ebn ndaj konsumator\u00ebve.<\/p>\n\n\n\n<p>Objektivat p\u00ebr vitin 2025 fokusohen n\u00eb:<\/p>\n\n\n\n<p><img loading=\"lazy\" decoding=\"async\" height=\"16\" width=\"16\" alt=\"\u2611\ufe0f\" src=\"https:\/\/static.xx.fbcdn.net\/images\/emoji.php\/v9\/t8d\/1\/16\/2611.png\"> Finalizimin e tarifave p\u00ebr t\u00eb gjitha shoq\u00ebrit\u00eb rajonale;<\/p>\n\n\n\n<p><img loading=\"lazy\" decoding=\"async\" height=\"16\" width=\"16\" alt=\"\u2611\ufe0f\" src=\"https:\/\/static.xx.fbcdn.net\/images\/emoji.php\/v9\/t8d\/1\/16\/2611.png\"> Ngritjen e sistemit komb\u00ebtar t\u00eb raportimit t\u00eb t\u00eb dh\u00ebnave n\u00eb koh\u00eb reale;<\/p>\n\n\n\n<p><img loading=\"lazy\" decoding=\"async\" height=\"16\" width=\"16\" alt=\"\u2611\ufe0f\" src=\"https:\/\/static.xx.fbcdn.net\/images\/emoji.php\/v9\/t8d\/1\/16\/2611.png\"> Miratimin e modelit t\u00eb Plan Biznesit p\u00ebr Shoq\u00ebrit\u00eb UK;<\/p>\n\n\n\n<p><img loading=\"lazy\" decoding=\"async\" height=\"16\" width=\"16\" alt=\"\u2611\ufe0f\" src=\"https:\/\/static.xx.fbcdn.net\/images\/emoji.php\/v9\/t8d\/1\/16\/2611.png\"> Forcimin e mbrojtjes s\u00eb konsumatorit dhe nd\u00ebrgjegj\u00ebsimit publik;<\/p>\n\n\n\n<p><img loading=\"lazy\" decoding=\"async\" height=\"16\" width=\"16\" src=\"https:\/\/static.xx.fbcdn.net\/images\/emoji.php\/v9\/t8d\/1\/16\/2611.png\" alt=\"\u2611\ufe0f\"> P\u00ebrmbushjen e k\u00ebrkesave t\u00eb \u201cAcquis Communautaire\u201d t\u00eb Shqip\u00ebris\u00eb me Direktivat Evropiane p\u00ebr uj\u00ebrat.<\/p>\n\n\n\n<p>Gjat\u00eb seanc\u00ebs, relatori i raportit, deputeti Klevis Jahaj dhe an\u00ebtar\u00eb t\u00eb tjer\u00eb t\u00eb Komisionit p\u00ebrg\u00ebzuan ERRU-n\u00eb p\u00ebr pun\u00ebn e b\u00ebr\u00eb dhe p\u00ebr qasjen profesionale n\u00eb zbatimin e reform\u00ebs s\u00eb uj\u00ebsjell\u00ebs-kanalizimeve, duke theksuar r\u00ebnd\u00ebsin\u00eb e vijimit t\u00eb monitorimit t\u00eb cil\u00ebsis\u00eb s\u00eb ujit, uljes s\u00eb humbjeve dhe rritjes s\u00eb nd\u00ebrgjegj\u00ebsimit t\u00eb qytetar\u00ebve mbi p\u00ebrdorimin e ujit.<\/p>\n\n\n\n<p>N\u00eb p\u00ebrfundim, komisionet miratuan Projektrezolut\u00ebn <img loading=\"lazy\" decoding=\"async\" height=\"16\" width=\"16\" src=\"https:\/\/static.xx.fbcdn.net\/images\/emoji.php\/v9\/tfd\/1\/16\/1f4c4.png\" alt=\"\ud83d\udcc4\"> p\u00ebr Vler\u00ebsimin e Veprimtaris\u00eb s\u00eb ERRU-s\u00eb, bazuar n\u00eb raportimin e b\u00ebr\u00eb dhe diskutimet e zhvilluara n\u00eb sall\u00eb.<\/p>\n\n\n\n<p>ERRU mbetet e p\u00ebrkushtuar ndaj sh\u00ebrbimeve t\u00eb sigurta, t\u00eb q\u00ebndrueshme dhe t\u00eb p\u00ebrballueshme p\u00ebr qytetar\u00ebt, n\u00eb p\u00ebrputhje me standardet e Bashkimit Evropian <img loading=\"lazy\" decoding=\"async\" height=\"16\" width=\"16\" src=\"https:\/\/static.xx.fbcdn.net\/images\/emoji.php\/v9\/tdd\/1\/16\/1f1ea_1f1fa.png\" alt=\"\ud83c\uddea\ud83c\uddfa\"><\/p>\n\n\n\n<p><\/p>","protected":false},"excerpt":{"rendered":"<p>Kryetarja e Entit Rregullator t\u00eb Ujit, Znj. Gerta Lubonja raportoi mbi veprimtarin\u00eb e ERRU gjat\u00eb vitit 2024 n\u00eb mbledhjen e p\u00ebrbashk\u00ebt t\u00eb Komisionit p\u00ebr Burimet Natyrore, Infrastruktur\u00ebn dhe Zhvillimin e Q\u00ebndruesh\u00ebm me Komisionin p\u00ebr Nismat Qytetare, Bashk\u00ebpunimin dhe Mbik\u00ebqyrjen Institucionale. Raporti d\u00ebshmon nj\u00eb vit me rritje t\u00eb ndjeshme t\u00eb performanc\u00ebs dhe efikasitetit, me 17 shoq\u00ebri [&hellip;]<\/p>\n","protected":false},"author":1,"featured_media":7438,"comment_status":"closed","ping_status":"open","sticky":false,"template":"","format":"standard","meta":{"footnotes":""},"categories":[1],"tags":[],"class_list":["post-7437","post","type-post","status-publish","format-standard","has-post-thumbnail","hentry","category-njoftime"],"_links":{"self":[{"href":"https:\/\/erru.al\/an\/wp-json\/wp\/v2\/posts\/7437","targetHints":{"allow":["GET"]}}],"collection":[{"href":"https:\/\/erru.al\/an\/wp-json\/wp\/v2\/posts"}],"about":[{"href":"https:\/\/erru.al\/an\/wp-json\/wp\/v2\/types\/post"}],"author":[{"embeddable":true,"href":"https:\/\/erru.al\/an\/wp-json\/wp\/v2\/users\/1"}],"replies":[{"embeddable":true,"href":"https:\/\/erru.al\/an\/wp-json\/wp\/v2\/comments?post=7437"}],"version-history":[{"count":1,"href":"https:\/\/erru.al\/an\/wp-json\/wp\/v2\/posts\/7437\/revisions"}],"predecessor-version":[{"id":7439,"href":"https:\/\/erru.al\/an\/wp-json\/wp\/v2\/posts\/7437\/revisions\/7439"}],"wp:featuredmedia":[{"embeddable":true,"href":"https:\/\/erru.al\/an\/wp-json\/wp\/v2\/media\/7438"}],"wp:attachment":[{"href":"https:\/\/erru.al\/an\/wp-json\/wp\/v2\/media?parent=7437"}],"wp:term":[{"taxonomy":"category","embeddable":true,"href":"https:\/\/erru.al\/an\/wp-json\/wp\/v2\/categories?post=7437"},{"taxonomy":"post_tag","embeddable":true,"href":"https:\/\/erru.al\/an\/wp-json\/wp\/v2\/tags?post=7437"}],"curies":[{"name":"wp","href":"https:\/\/api.w.org\/{rel}","templated":true}]}}