{"id":7296,"date":"2025-07-11T09:23:29","date_gmt":"2025-07-11T09:23:29","guid":{"rendered":"https:\/\/erru.al\/?p=7296"},"modified":"2025-07-11T09:23:32","modified_gmt":"2025-07-11T09:23:32","slug":"erru-ne-israel-albania-watt-water-energy-conference","status":"publish","type":"post","link":"https:\/\/erru.al\/an\/2025\/07\/11\/erru-ne-israel-albania-watt-water-energy-conference\/","title":{"rendered":"ERRU n\u00eb \u201cIsrael-Albania Watt &amp; Water Energy Conference\u201d"},"content":{"rendered":"<p>ERRU mori pjes\u00eb n\u00eb konferenc\u00ebn nd\u00ebrkomb\u00ebtare \u201c\ud835\udc3c\ud835\udc60\ud835\udc5f\ud835\udc4e\ud835\udc52\ud835\udc59\u2013\ud835\udc34\ud835\udc59\ud835\udc4f\ud835\udc4e\ud835\udc5b\ud835\udc56\ud835\udc4e \ud835\udc4a\ud835\udc4e\ud835\udc61\ud835\udc61 &amp; \ud835\udc4a\ud835\udc4e\ud835\udc61\ud835\udc52\ud835\udc5f \ud835\udc38\ud835\udc5b\ud835\udc52\ud835\udc5f\ud835\udc54\ud835\udc66 \ud835\udc36\ud835\udc5c\ud835\udc5b\ud835\udc53\ud835\udc52\ud835\udc5f\ud835\udc52\ud835\udc5b\ud835\udc50\ud835\udc52\u201d, e mbajtur n\u00eb Tiran\u00eb, ku u mblodh\u00ebn institucione dhe p\u00ebrfaq\u00ebsues t\u00eb sektor\u00ebve t\u00eb energjis\u00eb dhe ujit nga Shqip\u00ebria \ud83c\udde6\ud83c\uddf1 dhe Izraeli \ud83c\uddee\ud83c\uddf1.<\/p>\n\n\n\n<p>P\u00ebrmes pjes\u00ebmarrjes n\u00eb sesione teknike dhe takime dypal\u00ebshe (B2B), ERRU kontribuoi n\u00eb diskutimet mbi sfidat aktuale t\u00eb sektorit dhe nevoj\u00ebn p\u00ebr shk\u00ebmbim p\u00ebrvojash e forcim t\u00eb bashk\u00ebpunimit nd\u00ebrkomb\u00ebtar.<\/p>\n\n\n\n<p>Qasja ndaj modeleve t\u00eb suksesshme t\u00eb menaxhimit t\u00eb ujit dhe p\u00ebrmir\u00ebsimit t\u00eb praktikave rregullatore ishin n\u00eb fokus t\u00eb angazhimit ton\u00eb n\u00eb k\u00ebt\u00eb event.<\/p>\n\n\n\n<p>Kjo p\u00ebrfshirje \u00ebsht\u00eb pjes\u00eb e p\u00ebrpjekjeve t\u00eb vazhdueshme t\u00eb ERRU p\u00ebr t\u00eb nd\u00ebrtuar partneritete t\u00eb dobishme dhe p\u00ebr t\u00eb sjell\u00eb standarde m\u00eb t\u00eb larta n\u00eb sh\u00ebrbim t\u00eb sektorit t\u00eb ujit n\u00eb Shqip\u00ebri. \ud83c\udf0d\ud83d\udca6<\/p>\n\n\n\n<p><a href=\"https:\/\/www.instagram.com\/explore\/tags\/erru\/\">#ERRU<\/a><a href=\"https:\/\/www.instagram.com\/explore\/tags\/wattandwater\/\">#WattAndWater<\/a><a href=\"https:\/\/www.instagram.com\/explore\/tags\/israelalbania\/\">#IsraelAlbania<\/a><a href=\"https:\/\/www.instagram.com\/explore\/tags\/uj%C3%ABipastr%C3%AB\/\">#Uj\u00ebIPastr\u00eb<\/a><a href=\"https:\/\/www.instagram.com\/explore\/tags\/rregullim\/\">#Rregullim<\/a><a href=\"https:\/\/www.instagram.com\/explore\/tags\/partneritet\/\">#Partneritet<\/a><a href=\"https:\/\/www.instagram.com\/explore\/tags\/shk%C3%ABmbimp%C3%ABrvojash\/\">#Shk\u00ebmbimP\u00ebrvojash<\/a><a href=\"https:\/\/www.instagram.com\/explore\/tags\/sektoriujit\/\"> <\/a><a href=\"https:\/\/www.instagram.com\/explore\/tags\/sektoriujit\/\">#SektoriUjit<\/a><a href=\"https:\/\/www.instagram.com\/explore\/tags\/bashk%C3%ABpunimnd%C3%ABrkomb%C3%ABtar\/\">#bashk\u00ebpunimnd\u00ebrkomb\u00ebtar<\/a><\/p>\n\n\n\n<p><\/p>","protected":false},"excerpt":{"rendered":"<p>ERRU mori pjes\u00eb n\u00eb konferenc\u00ebn nd\u00ebrkomb\u00ebtare \u201c\ud835\udc3c\ud835\udc60\ud835\udc5f\ud835\udc4e\ud835\udc52\ud835\udc59\u2013\ud835\udc34\ud835\udc59\ud835\udc4f\ud835\udc4e\ud835\udc5b\ud835\udc56\ud835\udc4e \ud835\udc4a\ud835\udc4e\ud835\udc61\ud835\udc61 &amp; \ud835\udc4a\ud835\udc4e\ud835\udc61\ud835\udc52\ud835\udc5f \ud835\udc38\ud835\udc5b\ud835\udc52\ud835\udc5f\ud835\udc54\ud835\udc66 \ud835\udc36\ud835\udc5c\ud835\udc5b\ud835\udc53\ud835\udc52\ud835\udc5f\ud835\udc52\ud835\udc5b\ud835\udc50\ud835\udc52\u201d, e mbajtur n\u00eb Tiran\u00eb, ku u mblodh\u00ebn institucione dhe p\u00ebrfaq\u00ebsues t\u00eb sektor\u00ebve t\u00eb energjis\u00eb dhe ujit nga Shqip\u00ebria \ud83c\udde6\ud83c\uddf1 dhe Izraeli \ud83c\uddee\ud83c\uddf1. P\u00ebrmes pjes\u00ebmarrjes n\u00eb sesione teknike dhe takime dypal\u00ebshe (B2B), ERRU kontribuoi n\u00eb diskutimet mbi sfidat aktuale t\u00eb sektorit dhe nevoj\u00ebn p\u00ebr [&hellip;]<\/p>\n","protected":false},"author":1,"featured_media":7297,"comment_status":"closed","ping_status":"open","sticky":false,"template":"","format":"standard","meta":{"footnotes":""},"categories":[1],"tags":[],"class_list":["post-7296","post","type-post","status-publish","format-standard","has-post-thumbnail","hentry","category-njoftime"],"_links":{"self":[{"href":"https:\/\/erru.al\/an\/wp-json\/wp\/v2\/posts\/7296","targetHints":{"allow":["GET"]}}],"collection":[{"href":"https:\/\/erru.al\/an\/wp-json\/wp\/v2\/posts"}],"about":[{"href":"https:\/\/erru.al\/an\/wp-json\/wp\/v2\/types\/post"}],"author":[{"embeddable":true,"href":"https:\/\/erru.al\/an\/wp-json\/wp\/v2\/users\/1"}],"replies":[{"embeddable":true,"href":"https:\/\/erru.al\/an\/wp-json\/wp\/v2\/comments?post=7296"}],"version-history":[{"count":1,"href":"https:\/\/erru.al\/an\/wp-json\/wp\/v2\/posts\/7296\/revisions"}],"predecessor-version":[{"id":7298,"href":"https:\/\/erru.al\/an\/wp-json\/wp\/v2\/posts\/7296\/revisions\/7298"}],"wp:featuredmedia":[{"embeddable":true,"href":"https:\/\/erru.al\/an\/wp-json\/wp\/v2\/media\/7297"}],"wp:attachment":[{"href":"https:\/\/erru.al\/an\/wp-json\/wp\/v2\/media?parent=7296"}],"wp:term":[{"taxonomy":"category","embeddable":true,"href":"https:\/\/erru.al\/an\/wp-json\/wp\/v2\/categories?post=7296"},{"taxonomy":"post_tag","embeddable":true,"href":"https:\/\/erru.al\/an\/wp-json\/wp\/v2\/tags?post=7296"}],"curies":[{"name":"wp","href":"https:\/\/api.w.org\/{rel}","templated":true}]}}