{"id":6679,"date":"2024-12-11T12:21:47","date_gmt":"2024-12-11T12:21:47","guid":{"rendered":"https:\/\/erru.al\/?p=6679"},"modified":"2024-12-11T12:28:49","modified_gmt":"2024-12-11T12:28:49","slug":"enti-rrregullator-i-ujit-ne-asamblene-e-pergjithshme-te-33-te-te-wareg","status":"publish","type":"post","link":"https:\/\/erru.al\/an\/2024\/12\/11\/enti-rrregullator-i-ujit-ne-asamblene-e-pergjithshme-te-33-te-te-wareg\/","title":{"rendered":"ERRU merr pjes\u00eb n\u00eb mbledhjen e 33-t\u00eb t\u00eb Asambles\u00eb s\u00eb P\u00ebrgjithshme t\u00eb WAREG"},"content":{"rendered":"<p>Shoqata e Rregullator\u00ebve Evropian\u00eb t\u00eb Ujit (WAREG) p\u00ebrmbylli sot mbledhjen e 33-t\u00eb t\u00eb Asambles\u00eb s\u00eb P\u00ebrgjithshme, n\u00eb t\u00eb cil\u00ebn Enti Rregullator i Ujit (ERRU) mori pjes\u00eb me nj\u00eb p\u00ebrfaq\u00ebsi t\u00eb kryesuar nga Znj. Fatime Imeraj, Sekretar i P\u00ebrgjithsh\u00ebm.<\/p>\n\n\n\n<p>Dita e par\u00eb u fokusua n\u00eb \u00e7\u00ebshtjet organizative, nga festimet e 10-vjetorit t\u00eb WAREG te zgjedhjet e an\u00ebtar\u00ebve t\u00eb Bordit q\u00eb do t\u00eb sh\u00ebrbej\u00eb deri n\u00eb vitin 2026. ERRU i uron suksese presidentes s\u00eb re, &nbsp;Znj. Vera Eiro, si dhe kat\u00ebr n\u00ebnkryetar\u00ebve Z. Andrea Guerrini (Zv.presidenti i P\u00ebrhersh\u00ebm), Z. Pal Sagvar, Z. Ivaylo Kastchiev dhe Z. Konstantinos Tsimaras.<\/p>\n\n\n\n<p>Nd\u00ebrsa dit\u00ebn e sotme u prezantua dokumenti i WAREG \u201cNga efikasiteti i energjis\u00eb te neutraliteti klimatik n\u00eb sektorin e ujit\u201d. N\u00eb nj\u00eb tryez\u00eb t\u00eb rrumbullak\u00ebt p\u00ebrfaq\u00ebsues nga Parlamenti dhe Komisioni Evropian, Banka Evropiane e Investimeve rregullator\u00eb dhe an\u00ebtar\u00eb bordi t\u00eb WAREG soll\u00ebn n\u00eb diskutim ndryshimet klimatike n\u00eb sektorin e ujit, mjetet p\u00ebr rregullator\u00ebt n\u00eb mb\u00ebshtetjet t\u00eb tranzicionit nga eficenca e energjis\u00eb te neutraliteti klimatik, investimet dhe qeverisja n\u00eb sektor.<\/p>","protected":false},"excerpt":{"rendered":"<p>Shoqata e Rregullator\u00ebve Evropian\u00eb t\u00eb Ujit (WAREG) p\u00ebrmbylli sot mbledhjen e 33-t\u00eb t\u00eb Asambles\u00eb s\u00eb P\u00ebrgjithshme, n\u00eb t\u00eb cil\u00ebn Enti Rregullator i Ujit (ERRU) mori pjes\u00eb me nj\u00eb p\u00ebrfaq\u00ebsi t\u00eb kryesuar nga Znj. Fatime Imeraj, Sekretar i P\u00ebrgjithsh\u00ebm. Dita e par\u00eb u fokusua n\u00eb \u00e7\u00ebshtjet organizative, nga festimet e 10-vjetorit t\u00eb WAREG te zgjedhjet e [&hellip;]<\/p>\n","protected":false},"author":1,"featured_media":6680,"comment_status":"closed","ping_status":"open","sticky":false,"template":"","format":"standard","meta":{"footnotes":""},"categories":[1],"tags":[],"class_list":["post-6679","post","type-post","status-publish","format-standard","has-post-thumbnail","hentry","category-njoftime"],"_links":{"self":[{"href":"https:\/\/erru.al\/an\/wp-json\/wp\/v2\/posts\/6679","targetHints":{"allow":["GET"]}}],"collection":[{"href":"https:\/\/erru.al\/an\/wp-json\/wp\/v2\/posts"}],"about":[{"href":"https:\/\/erru.al\/an\/wp-json\/wp\/v2\/types\/post"}],"author":[{"embeddable":true,"href":"https:\/\/erru.al\/an\/wp-json\/wp\/v2\/users\/1"}],"replies":[{"embeddable":true,"href":"https:\/\/erru.al\/an\/wp-json\/wp\/v2\/comments?post=6679"}],"version-history":[{"count":5,"href":"https:\/\/erru.al\/an\/wp-json\/wp\/v2\/posts\/6679\/revisions"}],"predecessor-version":[{"id":6686,"href":"https:\/\/erru.al\/an\/wp-json\/wp\/v2\/posts\/6679\/revisions\/6686"}],"wp:featuredmedia":[{"embeddable":true,"href":"https:\/\/erru.al\/an\/wp-json\/wp\/v2\/media\/6680"}],"wp:attachment":[{"href":"https:\/\/erru.al\/an\/wp-json\/wp\/v2\/media?parent=6679"}],"wp:term":[{"taxonomy":"category","embeddable":true,"href":"https:\/\/erru.al\/an\/wp-json\/wp\/v2\/categories?post=6679"},{"taxonomy":"post_tag","embeddable":true,"href":"https:\/\/erru.al\/an\/wp-json\/wp\/v2\/tags?post=6679"}],"curies":[{"name":"wp","href":"https:\/\/api.w.org\/{rel}","templated":true}]}}