{"id":5582,"date":"2023-11-16T13:41:17","date_gmt":"2023-11-16T13:41:17","guid":{"rendered":"https:\/\/erru.al\/?p=5582"},"modified":"2023-12-11T09:01:20","modified_gmt":"2023-12-11T09:01:20","slug":"erru-ne-samitin-e-dyte-digjital-te-ujit","status":"publish","type":"post","link":"https:\/\/erru.al\/an\/2023\/11\/16\/erru-ne-samitin-e-dyte-digjital-te-ujit\/","title":{"rendered":"ERRU n\u00eb Samitin e dyt\u00eb Digjital t\u00eb Ujit"},"content":{"rendered":"<p>Shoqata Nd\u00ebrkomb\u00ebtare e Ujit (IWA) organizoi n\u00eb\u00a0 Bilbao, Spanj\u00eb Samitin Digjital t\u00eb Ujit, n\u00eb t\u00eb cilin mor\u00ebn pjes\u00eb Z. Ndri\u00e7im Shani, kryetar i Entit Rregullator t\u00eb Ujit dhe Znj. Fatime Imeraj<strong>,<\/strong> Sekretar i P\u00ebrgjithsh\u00ebm.<\/p>\n\n\n\n<p>Ekspert\u00eb, studiues n\u00eb fush\u00ebn e ujit, kompani teknologjike dhe sh\u00ebrbimi UK, si dhe drejtues t\u00eb sektorit nga e gjith\u00eb bota u mblodh\u00ebn n\u00eb datat 14-16 n\u00ebntor p\u00ebr t\u00eb adresuar sfidat aktuale dhe t\u00eb ardhshme n\u00eb sektor, u njoh\u00ebn me zgjidhje inovative e teknologjit\u00eb m\u00eb t\u00eb avancuara n\u00eb fush\u00ebn e ujit si dhe modelin \u201cdigjital twin\u201d n\u00eb monitorimin dhe menaxhimin e sektorit. Samiti mbuloi nj\u00eb gam\u00eb t\u00eb gjer\u00eb temash thelb\u00ebsore nga analizimi i t\u00eb dh\u00ebnave, matjet inteligjente e deri tek teknologjia IoT q\u00eb ofron zgjidhje n\u00eb ruajtjen e ujit.\u00a0\u00a0<\/p>\n\n\n\n<p>Ky \u00ebsht\u00eb i dyti vit q\u00eb IWA organizon nj\u00eb samit digjital duke ofruar nj\u00eb platform\u00eb t\u00eb p\u00ebrbashk\u00ebt globale drejt shfryt\u00ebzimit t\u00eb instrumenteve te digjitalizimit p\u00ebr t\u00eb rritur kapacitetin dhe performanc\u00ebn n\u00eb sektor.\u00a0 N\u00eb tri dit\u00eb, delegat\u00ebt pat\u00ebn mund\u00ebsi t\u00eb njihen me praktikat m\u00eb t\u00eb mira, t\u00eb shk\u00ebmbejn\u00eb ide inovative dhe krijojn\u00eb bashk\u00ebpunime p\u00ebrmes zhvillimit t\u00eb sesioneve teknike, diskutimeve nd\u00ebrvepruese dhe demonstrimeve direkte t\u00eb teknologjive t\u00eb aplikuara p\u00ebr modelimin e rrjeteve t\u00eb ujit.<\/p>","protected":false},"excerpt":{"rendered":"<p>Shoqata Nd\u00ebrkomb\u00ebtare e Ujit (IWA) organizoi n\u00eb\u00a0 Bilbao, Spanj\u00eb Samitin Digjital t\u00eb Ujit, n\u00eb t\u00eb cilin mor\u00ebn pjes\u00eb Z. Ndri\u00e7im Shani, kryetar i Entit Rregullator t\u00eb Ujit dhe Znj. Fatime Imeraj, Sekretar i P\u00ebrgjithsh\u00ebm. Ekspert\u00eb, studiues n\u00eb fush\u00ebn e ujit, kompani teknologjike dhe sh\u00ebrbimi UK, si dhe drejtues t\u00eb sektorit nga e gjith\u00eb bota u [&hellip;]<\/p>\n","protected":false},"author":1,"featured_media":5583,"comment_status":"closed","ping_status":"open","sticky":false,"template":"","format":"standard","meta":{"footnotes":""},"categories":[1],"tags":[],"class_list":["post-5582","post","type-post","status-publish","format-standard","has-post-thumbnail","hentry","category-njoftime"],"_links":{"self":[{"href":"https:\/\/erru.al\/an\/wp-json\/wp\/v2\/posts\/5582","targetHints":{"allow":["GET"]}}],"collection":[{"href":"https:\/\/erru.al\/an\/wp-json\/wp\/v2\/posts"}],"about":[{"href":"https:\/\/erru.al\/an\/wp-json\/wp\/v2\/types\/post"}],"author":[{"embeddable":true,"href":"https:\/\/erru.al\/an\/wp-json\/wp\/v2\/users\/1"}],"replies":[{"embeddable":true,"href":"https:\/\/erru.al\/an\/wp-json\/wp\/v2\/comments?post=5582"}],"version-history":[{"count":2,"href":"https:\/\/erru.al\/an\/wp-json\/wp\/v2\/posts\/5582\/revisions"}],"predecessor-version":[{"id":5617,"href":"https:\/\/erru.al\/an\/wp-json\/wp\/v2\/posts\/5582\/revisions\/5617"}],"wp:featuredmedia":[{"embeddable":true,"href":"https:\/\/erru.al\/an\/wp-json\/wp\/v2\/media\/5583"}],"wp:attachment":[{"href":"https:\/\/erru.al\/an\/wp-json\/wp\/v2\/media?parent=5582"}],"wp:term":[{"taxonomy":"category","embeddable":true,"href":"https:\/\/erru.al\/an\/wp-json\/wp\/v2\/categories?post=5582"},{"taxonomy":"post_tag","embeddable":true,"href":"https:\/\/erru.al\/an\/wp-json\/wp\/v2\/tags?post=5582"}],"curies":[{"name":"wp","href":"https:\/\/api.w.org\/{rel}","templated":true}]}}